{"id":389,"date":"2020-07-09T16:55:54","date_gmt":"2020-07-09T16:55:54","guid":{"rendered":"https:\/\/estudiosdeldiscurso.com\/?p=389"},"modified":"2022-11-19T19:10:04","modified_gmt":"2022-11-19T19:10:04","slug":"analisis-ideologico","status":"publish","type":"post","link":"https:\/\/estudiosdeldiscurso.com\/?p=389","title":{"rendered":"An\u00e1lisis Ideol\u00f3gico"},"content":{"rendered":"\t\t<div data-elementor-type=\"wp-post\" data-elementor-id=\"389\" class=\"elementor elementor-389\">\n\t\t\t\t\t\t<div class=\"elementor-inner\">\n\t\t\t\t<div class=\"elementor-section-wrap\">\n\t\t\t\t\t\t\t\t\t<section class=\"elementor-section elementor-top-section elementor-element elementor-element-12d72e0 elementor-section-boxed elementor-section-height-default elementor-section-height-default\" data-id=\"12d72e0\" data-element_type=\"section\" data-settings=\"{&quot;jet_parallax_layout_list&quot;:[{&quot;jet_parallax_layout_image&quot;:{&quot;url&quot;:&quot;&quot;,&quot;id&quot;:&quot;&quot;},&quot;_id&quot;:&quot;0ae5844&quot;,&quot;jet_parallax_layout_image_tablet&quot;:{&quot;url&quot;:&quot;&quot;,&quot;id&quot;:&quot;&quot;},&quot;jet_parallax_layout_image_mobile&quot;:{&quot;url&quot;:&quot;&quot;,&quot;id&quot;:&quot;&quot;},&quot;jet_parallax_layout_speed&quot;:{&quot;unit&quot;:&quot;%&quot;,&quot;size&quot;:50,&quot;sizes&quot;:[]},&quot;jet_parallax_layout_type&quot;:&quot;scroll&quot;,&quot;jet_parallax_layout_direction&quot;:null,&quot;jet_parallax_layout_fx_direction&quot;:null,&quot;jet_parallax_layout_z_index&quot;:&quot;&quot;,&quot;jet_parallax_layout_bg_x&quot;:50,&quot;jet_parallax_layout_bg_x_tablet&quot;:&quot;&quot;,&quot;jet_parallax_layout_bg_x_mobile&quot;:&quot;&quot;,&quot;jet_parallax_layout_bg_y&quot;:50,&quot;jet_parallax_layout_bg_y_tablet&quot;:&quot;&quot;,&quot;jet_parallax_layout_bg_y_mobile&quot;:&quot;&quot;,&quot;jet_parallax_layout_bg_size&quot;:&quot;auto&quot;,&quot;jet_parallax_layout_bg_size_tablet&quot;:&quot;&quot;,&quot;jet_parallax_layout_bg_size_mobile&quot;:&quot;&quot;,&quot;jet_parallax_layout_animation_prop&quot;:&quot;transform&quot;,&quot;jet_parallax_layout_on&quot;:[&quot;desktop&quot;,&quot;tablet&quot;]}]}\">\n\t\t\t\t\t\t<div class=\"elementor-container elementor-column-gap-default\">\n\t\t\t\t\t\t\t<div class=\"elementor-row\">\n\t\t\t\t\t<div class=\"elementor-column elementor-col-100 elementor-top-column elementor-element elementor-element-47d5726\" data-id=\"47d5726\" data-element_type=\"column\">\n\t\t\t<div class=\"elementor-column-wrap elementor-element-populated\">\n\t\t\t\t\t\t\t<div class=\"elementor-widget-wrap\">\n\t\t\t\t\t\t<div class=\"elementor-element elementor-element-11c5fe8 elementor-widget elementor-widget-heading\" data-id=\"11c5fe8\" data-element_type=\"widget\" data-widget_type=\"heading.default\">\n\t\t\t\t<div class=\"elementor-widget-container\">\n\t\t\t<h2 class=\"elementor-heading-title elementor-size-default\">AN\u00c1LISIS IDEOL\u00d3GICO<\/h2>\t\t<\/div>\n\t\t\t\t<\/div>\n\t\t\t\t<section class=\"elementor-section elementor-inner-section elementor-element elementor-element-056ddca elementor-section-boxed elementor-section-height-default elementor-section-height-default\" data-id=\"056ddca\" data-element_type=\"section\" data-settings=\"{&quot;jet_parallax_layout_list&quot;:[{&quot;jet_parallax_layout_image&quot;:{&quot;url&quot;:&quot;&quot;,&quot;id&quot;:&quot;&quot;},&quot;_id&quot;:&quot;3a3acfd&quot;,&quot;jet_parallax_layout_image_tablet&quot;:{&quot;url&quot;:&quot;&quot;,&quot;id&quot;:&quot;&quot;},&quot;jet_parallax_layout_image_mobile&quot;:{&quot;url&quot;:&quot;&quot;,&quot;id&quot;:&quot;&quot;},&quot;jet_parallax_layout_speed&quot;:{&quot;unit&quot;:&quot;%&quot;,&quot;size&quot;:50,&quot;sizes&quot;:[]},&quot;jet_parallax_layout_type&quot;:&quot;scroll&quot;,&quot;jet_parallax_layout_direction&quot;:null,&quot;jet_parallax_layout_fx_direction&quot;:null,&quot;jet_parallax_layout_z_index&quot;:&quot;&quot;,&quot;jet_parallax_layout_bg_x&quot;:50,&quot;jet_parallax_layout_bg_x_tablet&quot;:&quot;&quot;,&quot;jet_parallax_layout_bg_x_mobile&quot;:&quot;&quot;,&quot;jet_parallax_layout_bg_y&quot;:50,&quot;jet_parallax_layout_bg_y_tablet&quot;:&quot;&quot;,&quot;jet_parallax_layout_bg_y_mobile&quot;:&quot;&quot;,&quot;jet_parallax_layout_bg_size&quot;:&quot;auto&quot;,&quot;jet_parallax_layout_bg_size_tablet&quot;:&quot;&quot;,&quot;jet_parallax_layout_bg_size_mobile&quot;:&quot;&quot;,&quot;jet_parallax_layout_animation_prop&quot;:&quot;transform&quot;,&quot;jet_parallax_layout_on&quot;:[&quot;desktop&quot;,&quot;tablet&quot;]}]}\">\n\t\t\t\t\t\t<div class=\"elementor-container elementor-column-gap-default\">\n\t\t\t\t\t\t\t<div class=\"elementor-row\">\n\t\t\t\t\t<div class=\"elementor-column elementor-col-50 elementor-inner-column elementor-element elementor-element-3efd3e5\" data-id=\"3efd3e5\" data-element_type=\"column\">\n\t\t\t<div class=\"elementor-column-wrap elementor-element-populated\">\n\t\t\t\t\t\t\t<div class=\"elementor-widget-wrap\">\n\t\t\t\t\t\t<div class=\"elementor-element elementor-element-416538f elementor-widget elementor-widget-image\" data-id=\"416538f\" data-element_type=\"widget\" data-widget_type=\"image.default\">\n\t\t\t\t<div class=\"elementor-widget-container\">\n\t\t\t\t\t\t\t\t<div class=\"elementor-image\">\n\t\t\t\t\t\t\t\t\t\t\t\t<img width=\"920\" height=\"1024\" src=\"https:\/\/estudiosdeldiscurso.com\/wp-content\/uploads\/2020\/07\/ken-scaled-e1668893210121-920x1024.jpg\" class=\"attachment-large size-large\" alt=\"j.f.k\" loading=\"lazy\" srcset=\"https:\/\/estudiosdeldiscurso.com\/wp-content\/uploads\/2020\/07\/ken-scaled-e1668893210121-920x1024.jpg 920w, https:\/\/estudiosdeldiscurso.com\/wp-content\/uploads\/2020\/07\/ken-scaled-e1668893210121-270x300.jpg 270w, https:\/\/estudiosdeldiscurso.com\/wp-content\/uploads\/2020\/07\/ken-scaled-e1668893210121-768x854.jpg 768w, https:\/\/estudiosdeldiscurso.com\/wp-content\/uploads\/2020\/07\/ken-scaled-e1668893210121-1381x1536.jpg 1381w, https:\/\/estudiosdeldiscurso.com\/wp-content\/uploads\/2020\/07\/ken-scaled-e1668893210121-600x668.jpg 600w, https:\/\/estudiosdeldiscurso.com\/wp-content\/uploads\/2020\/07\/ken-scaled-e1668893210121.jpg 1760w\" sizes=\"(max-width: 920px) 100vw, 920px\" \/>\t\t\t\t\t\t\t\t\t\t\t\t\t\t<\/div>\n\t\t\t\t\t\t<\/div>\n\t\t\t\t<\/div>\n\t\t\t\t\t\t<\/div>\n\t\t\t\t\t<\/div>\n\t\t<\/div>\n\t\t\t\t<div class=\"elementor-column elementor-col-50 elementor-inner-column elementor-element elementor-element-19bb50c\" data-id=\"19bb50c\" data-element_type=\"column\">\n\t\t\t<div class=\"elementor-column-wrap elementor-element-populated\">\n\t\t\t\t\t\t\t<div class=\"elementor-widget-wrap\">\n\t\t\t\t\t\t<div class=\"elementor-element elementor-element-58c2540 elementor-widget elementor-widget-text-editor\" data-id=\"58c2540\" data-element_type=\"widget\" data-widget_type=\"text-editor.default\">\n\t\t\t\t<div class=\"elementor-widget-container\">\n\t\t\t\t\t\t\t\t<div class=\"elementor-text-editor elementor-clearfix\">\n\t\t\t\t<ul><li>Este an\u00e1lisis es \u00fatil para la detecci\u00f3n de los perfiles ideol\u00f3gicos de individuos e instituciones.<\/li><\/ul>\t\t\t\t\t<\/div>\n\t\t\t\t\t\t<\/div>\n\t\t\t\t<\/div>\n\t\t\t\t\t\t<\/div>\n\t\t\t\t\t<\/div>\n\t\t<\/div>\n\t\t\t\t\t\t\t\t<\/div>\n\t\t\t\t\t<\/div>\n\t\t<\/section>\n\t\t\t\t\t\t<\/div>\n\t\t\t\t\t<\/div>\n\t\t<\/div>\n\t\t\t\t\t\t\t\t<\/div>\n\t\t\t\t\t<\/div>\n\t\t<\/section>\n\t\t\t\t\t\t\t\t\t<\/div>\n\t\t\t<\/div>\n\t\t\t\t\t<\/div>\n\t\t","protected":false},"excerpt":{"rendered":"<p>Este an\u00e1lisis es \u00fatil para la detecci\u00f3n de los perfiles ideol\u00f3gicos de individuos e instituciones.<\/p>\n","protected":false},"author":1,"featured_media":606,"comment_status":"open","ping_status":"open","sticky":false,"template":"elementor_header_footer","format":"standard","meta":[],"categories":[20],"tags":[],"yoast_head":"<!-- This site is optimized with the Yoast SEO plugin v19.8 - https:\/\/yoast.com\/wordpress\/plugins\/seo\/ -->\n<title>An\u00e1lisis Ideol\u00f3gico - An\u00e1lisis del Discurso<\/title>\n<meta name=\"robots\" content=\"index, follow, max-snippet:-1, max-image-preview:large, max-video-preview:-1\" \/>\n<link rel=\"canonical\" href=\"https:\/\/estudiosdeldiscurso.com\/?p=389\" \/>\n<meta property=\"og:locale\" content=\"es_MX\" \/>\n<meta property=\"og:type\" content=\"article\" \/>\n<meta property=\"og:title\" content=\"An\u00e1lisis Ideol\u00f3gico - An\u00e1lisis del Discurso\" \/>\n<meta property=\"og:description\" content=\"Este an\u00e1lisis es \u00fatil para la detecci\u00f3n de los perfiles ideol\u00f3gicos de individuos e instituciones.\" \/>\n<meta property=\"og:url\" content=\"https:\/\/estudiosdeldiscurso.com\/?p=389\" \/>\n<meta property=\"og:site_name\" content=\"An\u00e1lisis del Discurso\" \/>\n<meta property=\"article:published_time\" content=\"2020-07-09T16:55:54+00:00\" \/>\n<meta property=\"article:modified_time\" content=\"2022-11-19T19:10:04+00:00\" \/>\n<meta property=\"og:image\" content=\"https:\/\/estudiosdeldiscurso.com\/wp-content\/uploads\/2020\/07\/ken-scaled.jpg\" \/>\n\t<meta property=\"og:image:width\" content=\"1763\" \/>\n\t<meta property=\"og:image:height\" content=\"2560\" \/>\n\t<meta property=\"og:image:type\" content=\"image\/jpeg\" \/>\n<meta name=\"author\" content=\"admin\" \/>\n<meta name=\"twitter:card\" content=\"summary_large_image\" \/>\n<meta name=\"twitter:label1\" content=\"Escrito por\" \/>\n\t<meta name=\"twitter:data1\" content=\"admin\" \/>\n\t<meta name=\"twitter:label2\" content=\"Tiempo de lectura\" \/>\n\t<meta name=\"twitter:data2\" content=\"1 minuto\" \/>\n<script type=\"application\/ld+json\" class=\"yoast-schema-graph\">{\"@context\":\"https:\/\/schema.org\",\"@graph\":[{\"@type\":\"WebPage\",\"@id\":\"https:\/\/estudiosdeldiscurso.com\/?p=389\",\"url\":\"https:\/\/estudiosdeldiscurso.com\/?p=389\",\"name\":\"An\u00e1lisis Ideol\u00f3gico - An\u00e1lisis del Discurso\",\"isPartOf\":{\"@id\":\"https:\/\/estudiosdeldiscurso.com\/#website\"},\"datePublished\":\"2020-07-09T16:55:54+00:00\",\"dateModified\":\"2022-11-19T19:10:04+00:00\",\"author\":{\"@id\":\"https:\/\/estudiosdeldiscurso.com\/#\/schema\/person\/24d950e9c3453f91dc92d00e9694334a\"},\"breadcrumb\":{\"@id\":\"https:\/\/estudiosdeldiscurso.com\/?p=389#breadcrumb\"},\"inLanguage\":\"es-MX\",\"potentialAction\":[{\"@type\":\"ReadAction\",\"target\":[\"https:\/\/estudiosdeldiscurso.com\/?p=389\"]}]},{\"@type\":\"BreadcrumbList\",\"@id\":\"https:\/\/estudiosdeldiscurso.com\/?p=389#breadcrumb\",\"itemListElement\":[{\"@type\":\"ListItem\",\"position\":1,\"name\":\"Inicio\",\"item\":\"https:\/\/estudiosdeldiscurso.com\/\"},{\"@type\":\"ListItem\",\"position\":2,\"name\":\"An\u00e1lisis Ideol\u00f3gico\"}]},{\"@type\":\"WebSite\",\"@id\":\"https:\/\/estudiosdeldiscurso.com\/#website\",\"url\":\"https:\/\/estudiosdeldiscurso.com\/\",\"name\":\"An\u00e1lisis del Discurso\",\"description\":\"Servicio Profesional de An\u00e1lisis del Discurso\",\"potentialAction\":[{\"@type\":\"SearchAction\",\"target\":{\"@type\":\"EntryPoint\",\"urlTemplate\":\"https:\/\/estudiosdeldiscurso.com\/?s={search_term_string}\"},\"query-input\":\"required name=search_term_string\"}],\"inLanguage\":\"es-MX\"},{\"@type\":\"Person\",\"@id\":\"https:\/\/estudiosdeldiscurso.com\/#\/schema\/person\/24d950e9c3453f91dc92d00e9694334a\",\"name\":\"admin\",\"image\":{\"@type\":\"ImageObject\",\"inLanguage\":\"es-MX\",\"@id\":\"https:\/\/estudiosdeldiscurso.com\/#\/schema\/person\/image\/\",\"url\":\"https:\/\/secure.gravatar.com\/avatar\/470cb497f62825541c8f9b0e28827bb4?s=96&d=mm&r=g\",\"contentUrl\":\"https:\/\/secure.gravatar.com\/avatar\/470cb497f62825541c8f9b0e28827bb4?s=96&d=mm&r=g\",\"caption\":\"admin\"},\"sameAs\":[\"https:\/\/estudiosdeldiscurso.com\"],\"url\":\"https:\/\/estudiosdeldiscurso.com\/?author=1\"}]}<\/script>\n<!-- \/ Yoast SEO plugin. -->","yoast_head_json":{"title":"An\u00e1lisis Ideol\u00f3gico - An\u00e1lisis del Discurso","robots":{"index":"index","follow":"follow","max-snippet":"max-snippet:-1","max-image-preview":"max-image-preview:large","max-video-preview":"max-video-preview:-1"},"canonical":"https:\/\/estudiosdeldiscurso.com\/?p=389","og_locale":"es_MX","og_type":"article","og_title":"An\u00e1lisis Ideol\u00f3gico - An\u00e1lisis del Discurso","og_description":"Este an\u00e1lisis es \u00fatil para la detecci\u00f3n de los perfiles ideol\u00f3gicos de individuos e instituciones.","og_url":"https:\/\/estudiosdeldiscurso.com\/?p=389","og_site_name":"An\u00e1lisis del Discurso","article_published_time":"2020-07-09T16:55:54+00:00","article_modified_time":"2022-11-19T19:10:04+00:00","og_image":[{"width":1763,"height":2560,"url":"https:\/\/estudiosdeldiscurso.com\/wp-content\/uploads\/2020\/07\/ken-scaled.jpg","type":"image\/jpeg"}],"author":"admin","twitter_card":"summary_large_image","twitter_misc":{"Escrito por":"admin","Tiempo de lectura":"1 minuto"},"schema":{"@context":"https:\/\/schema.org","@graph":[{"@type":"WebPage","@id":"https:\/\/estudiosdeldiscurso.com\/?p=389","url":"https:\/\/estudiosdeldiscurso.com\/?p=389","name":"An\u00e1lisis Ideol\u00f3gico - An\u00e1lisis del Discurso","isPartOf":{"@id":"https:\/\/estudiosdeldiscurso.com\/#website"},"datePublished":"2020-07-09T16:55:54+00:00","dateModified":"2022-11-19T19:10:04+00:00","author":{"@id":"https:\/\/estudiosdeldiscurso.com\/#\/schema\/person\/24d950e9c3453f91dc92d00e9694334a"},"breadcrumb":{"@id":"https:\/\/estudiosdeldiscurso.com\/?p=389#breadcrumb"},"inLanguage":"es-MX","potentialAction":[{"@type":"ReadAction","target":["https:\/\/estudiosdeldiscurso.com\/?p=389"]}]},{"@type":"BreadcrumbList","@id":"https:\/\/estudiosdeldiscurso.com\/?p=389#breadcrumb","itemListElement":[{"@type":"ListItem","position":1,"name":"Inicio","item":"https:\/\/estudiosdeldiscurso.com\/"},{"@type":"ListItem","position":2,"name":"An\u00e1lisis Ideol\u00f3gico"}]},{"@type":"WebSite","@id":"https:\/\/estudiosdeldiscurso.com\/#website","url":"https:\/\/estudiosdeldiscurso.com\/","name":"An\u00e1lisis del Discurso","description":"Servicio Profesional de An\u00e1lisis del Discurso","potentialAction":[{"@type":"SearchAction","target":{"@type":"EntryPoint","urlTemplate":"https:\/\/estudiosdeldiscurso.com\/?s={search_term_string}"},"query-input":"required name=search_term_string"}],"inLanguage":"es-MX"},{"@type":"Person","@id":"https:\/\/estudiosdeldiscurso.com\/#\/schema\/person\/24d950e9c3453f91dc92d00e9694334a","name":"admin","image":{"@type":"ImageObject","inLanguage":"es-MX","@id":"https:\/\/estudiosdeldiscurso.com\/#\/schema\/person\/image\/","url":"https:\/\/secure.gravatar.com\/avatar\/470cb497f62825541c8f9b0e28827bb4?s=96&d=mm&r=g","contentUrl":"https:\/\/secure.gravatar.com\/avatar\/470cb497f62825541c8f9b0e28827bb4?s=96&d=mm&r=g","caption":"admin"},"sameAs":["https:\/\/estudiosdeldiscurso.com"],"url":"https:\/\/estudiosdeldiscurso.com\/?author=1"}]}},"_links":{"self":[{"href":"https:\/\/estudiosdeldiscurso.com\/index.php?rest_route=\/wp\/v2\/posts\/389"}],"collection":[{"href":"https:\/\/estudiosdeldiscurso.com\/index.php?rest_route=\/wp\/v2\/posts"}],"about":[{"href":"https:\/\/estudiosdeldiscurso.com\/index.php?rest_route=\/wp\/v2\/types\/post"}],"author":[{"embeddable":true,"href":"https:\/\/estudiosdeldiscurso.com\/index.php?rest_route=\/wp\/v2\/users\/1"}],"replies":[{"embeddable":true,"href":"https:\/\/estudiosdeldiscurso.com\/index.php?rest_route=%2Fwp%2Fv2%2Fcomments&post=389"}],"version-history":[{"count":11,"href":"https:\/\/estudiosdeldiscurso.com\/index.php?rest_route=\/wp\/v2\/posts\/389\/revisions"}],"predecessor-version":[{"id":614,"href":"https:\/\/estudiosdeldiscurso.com\/index.php?rest_route=\/wp\/v2\/posts\/389\/revisions\/614"}],"wp:featuredmedia":[{"embeddable":true,"href":"https:\/\/estudiosdeldiscurso.com\/index.php?rest_route=\/wp\/v2\/media\/606"}],"wp:attachment":[{"href":"https:\/\/estudiosdeldiscurso.com\/index.php?rest_route=%2Fwp%2Fv2%2Fmedia&parent=389"}],"wp:term":[{"taxonomy":"category","embeddable":true,"href":"https:\/\/estudiosdeldiscurso.com\/index.php?rest_route=%2Fwp%2Fv2%2Fcategories&post=389"},{"taxonomy":"post_tag","embeddable":true,"href":"https:\/\/estudiosdeldiscurso.com\/index.php?rest_route=%2Fwp%2Fv2%2Ftags&post=389"}],"curies":[{"name":"wp","href":"https:\/\/api.w.org\/{rel}","templated":true}]}}