{"id":379,"date":"2020-07-09T16:46:25","date_gmt":"2020-07-09T16:46:25","guid":{"rendered":"https:\/\/estudiosdeldiscurso.com\/?p=379"},"modified":"2022-11-19T03:29:13","modified_gmt":"2022-11-19T03:29:13","slug":"analisis-de-secuencias-discursivas","status":"publish","type":"post","link":"https:\/\/estudiosdeldiscurso.com\/?p=379","title":{"rendered":"An\u00e1lisis de Secuencias Discursivas"},"content":{"rendered":"\t\t<div data-elementor-type=\"wp-post\" data-elementor-id=\"379\" class=\"elementor elementor-379\">\n\t\t\t\t\t\t<div class=\"elementor-inner\">\n\t\t\t\t<div class=\"elementor-section-wrap\">\n\t\t\t\t\t\t\t\t\t<section class=\"elementor-section elementor-top-section elementor-element elementor-element-d07ec9b elementor-section-boxed elementor-section-height-default elementor-section-height-default\" data-id=\"d07ec9b\" data-element_type=\"section\" data-settings=\"{&quot;jet_parallax_layout_list&quot;:[{&quot;jet_parallax_layout_image&quot;:{&quot;url&quot;:&quot;&quot;,&quot;id&quot;:&quot;&quot;},&quot;_id&quot;:&quot;0ae5844&quot;,&quot;jet_parallax_layout_image_tablet&quot;:{&quot;url&quot;:&quot;&quot;,&quot;id&quot;:&quot;&quot;},&quot;jet_parallax_layout_image_mobile&quot;:{&quot;url&quot;:&quot;&quot;,&quot;id&quot;:&quot;&quot;},&quot;jet_parallax_layout_speed&quot;:{&quot;unit&quot;:&quot;%&quot;,&quot;size&quot;:50,&quot;sizes&quot;:[]},&quot;jet_parallax_layout_type&quot;:&quot;scroll&quot;,&quot;jet_parallax_layout_direction&quot;:null,&quot;jet_parallax_layout_fx_direction&quot;:null,&quot;jet_parallax_layout_z_index&quot;:&quot;&quot;,&quot;jet_parallax_layout_bg_x&quot;:50,&quot;jet_parallax_layout_bg_x_tablet&quot;:&quot;&quot;,&quot;jet_parallax_layout_bg_x_mobile&quot;:&quot;&quot;,&quot;jet_parallax_layout_bg_y&quot;:50,&quot;jet_parallax_layout_bg_y_tablet&quot;:&quot;&quot;,&quot;jet_parallax_layout_bg_y_mobile&quot;:&quot;&quot;,&quot;jet_parallax_layout_bg_size&quot;:&quot;auto&quot;,&quot;jet_parallax_layout_bg_size_tablet&quot;:&quot;&quot;,&quot;jet_parallax_layout_bg_size_mobile&quot;:&quot;&quot;,&quot;jet_parallax_layout_animation_prop&quot;:&quot;transform&quot;,&quot;jet_parallax_layout_on&quot;:[&quot;desktop&quot;,&quot;tablet&quot;]}]}\">\n\t\t\t\t\t\t<div class=\"elementor-container elementor-column-gap-default\">\n\t\t\t\t\t\t\t<div class=\"elementor-row\">\n\t\t\t\t\t<div class=\"elementor-column elementor-col-100 elementor-top-column elementor-element elementor-element-e349a07\" data-id=\"e349a07\" data-element_type=\"column\">\n\t\t\t<div class=\"elementor-column-wrap elementor-element-populated\">\n\t\t\t\t\t\t\t<div class=\"elementor-widget-wrap\">\n\t\t\t\t\t\t<div class=\"elementor-element elementor-element-9fa76f9 elementor-widget elementor-widget-heading\" data-id=\"9fa76f9\" data-element_type=\"widget\" data-widget_type=\"heading.default\">\n\t\t\t\t<div class=\"elementor-widget-container\">\n\t\t\t<h2 class=\"elementor-heading-title elementor-size-default\">AN\u00c1LISIS DE SECUENCIAS DISCURSIVAS \u00bfpara qu\u00e9?<\/h2>\t\t<\/div>\n\t\t\t\t<\/div>\n\t\t\t\t<section class=\"elementor-section elementor-inner-section elementor-element elementor-element-327e1fb elementor-section-boxed elementor-section-height-default elementor-section-height-default\" data-id=\"327e1fb\" data-element_type=\"section\" data-settings=\"{&quot;jet_parallax_layout_list&quot;:[{&quot;jet_parallax_layout_image&quot;:{&quot;url&quot;:&quot;&quot;,&quot;id&quot;:&quot;&quot;},&quot;_id&quot;:&quot;3a3acfd&quot;,&quot;jet_parallax_layout_image_tablet&quot;:{&quot;url&quot;:&quot;&quot;,&quot;id&quot;:&quot;&quot;},&quot;jet_parallax_layout_image_mobile&quot;:{&quot;url&quot;:&quot;&quot;,&quot;id&quot;:&quot;&quot;},&quot;jet_parallax_layout_speed&quot;:{&quot;unit&quot;:&quot;%&quot;,&quot;size&quot;:50,&quot;sizes&quot;:[]},&quot;jet_parallax_layout_type&quot;:&quot;scroll&quot;,&quot;jet_parallax_layout_direction&quot;:null,&quot;jet_parallax_layout_fx_direction&quot;:null,&quot;jet_parallax_layout_z_index&quot;:&quot;&quot;,&quot;jet_parallax_layout_bg_x&quot;:50,&quot;jet_parallax_layout_bg_x_tablet&quot;:&quot;&quot;,&quot;jet_parallax_layout_bg_x_mobile&quot;:&quot;&quot;,&quot;jet_parallax_layout_bg_y&quot;:50,&quot;jet_parallax_layout_bg_y_tablet&quot;:&quot;&quot;,&quot;jet_parallax_layout_bg_y_mobile&quot;:&quot;&quot;,&quot;jet_parallax_layout_bg_size&quot;:&quot;auto&quot;,&quot;jet_parallax_layout_bg_size_tablet&quot;:&quot;&quot;,&quot;jet_parallax_layout_bg_size_mobile&quot;:&quot;&quot;,&quot;jet_parallax_layout_animation_prop&quot;:&quot;transform&quot;,&quot;jet_parallax_layout_on&quot;:[&quot;desktop&quot;,&quot;tablet&quot;]}]}\">\n\t\t\t\t\t\t<div class=\"elementor-container elementor-column-gap-default\">\n\t\t\t\t\t\t\t<div class=\"elementor-row\">\n\t\t\t\t\t<div class=\"elementor-column elementor-col-50 elementor-inner-column elementor-element elementor-element-880d090\" data-id=\"880d090\" data-element_type=\"column\">\n\t\t\t<div class=\"elementor-column-wrap elementor-element-populated\">\n\t\t\t\t\t\t\t<div class=\"elementor-widget-wrap\">\n\t\t\t\t\t\t<div class=\"elementor-element elementor-element-a699a53 elementor-widget elementor-widget-image\" data-id=\"a699a53\" data-element_type=\"widget\" data-widget_type=\"image.default\">\n\t\t\t\t<div class=\"elementor-widget-container\">\n\t\t\t\t\t\t\t\t<div class=\"elementor-image\">\n\t\t\t\t\t\t\t\t\t\t\t\t<img width=\"1024\" height=\"1014\" src=\"https:\/\/estudiosdeldiscurso.com\/wp-content\/uploads\/2020\/07\/marine-1024x1014.jpg\" class=\"attachment-large size-large\" alt=\"\" loading=\"lazy\" srcset=\"https:\/\/estudiosdeldiscurso.com\/wp-content\/uploads\/2020\/07\/marine-1024x1014.jpg 1024w, https:\/\/estudiosdeldiscurso.com\/wp-content\/uploads\/2020\/07\/marine-300x297.jpg 300w, https:\/\/estudiosdeldiscurso.com\/wp-content\/uploads\/2020\/07\/marine-150x150.jpg 150w, https:\/\/estudiosdeldiscurso.com\/wp-content\/uploads\/2020\/07\/marine-768x761.jpg 768w, https:\/\/estudiosdeldiscurso.com\/wp-content\/uploads\/2020\/07\/marine-1536x1521.jpg 1536w, https:\/\/estudiosdeldiscurso.com\/wp-content\/uploads\/2020\/07\/marine-2048x2028.jpg 2048w, https:\/\/estudiosdeldiscurso.com\/wp-content\/uploads\/2020\/07\/marine-600x594.jpg 600w\" sizes=\"(max-width: 1024px) 100vw, 1024px\" \/>\t\t\t\t\t\t\t\t\t\t\t\t\t\t<\/div>\n\t\t\t\t\t\t<\/div>\n\t\t\t\t<\/div>\n\t\t\t\t\t\t<\/div>\n\t\t\t\t\t<\/div>\n\t\t<\/div>\n\t\t\t\t<div class=\"elementor-column elementor-col-50 elementor-inner-column elementor-element elementor-element-d968c0d\" data-id=\"d968c0d\" data-element_type=\"column\">\n\t\t\t<div class=\"elementor-column-wrap elementor-element-populated\">\n\t\t\t\t\t\t\t<div class=\"elementor-widget-wrap\">\n\t\t\t\t\t\t<div class=\"elementor-element elementor-element-59c9fb7 elementor-widget elementor-widget-text-editor\" data-id=\"59c9fb7\" data-element_type=\"widget\" data-widget_type=\"text-editor.default\">\n\t\t\t\t<div class=\"elementor-widget-container\">\n\t\t\t\t\t\t\t\t<div class=\"elementor-text-editor elementor-clearfix\">\n\t\t\t\t<ul><li>Entender la \u201cl\u00f3gica de pensamiento\u201d del actor pol\u00edtico.<\/li><li>Ubicar su \u201cl\u00ednea de asociaci\u00f3n de ideas\u201d.<\/li><li>Detecci\u00f3n de congruencia, incongruencia, adecuaciones y paralelismos ideol\u00f3gicos de los actores pol\u00edticos.<\/li><li>Pronosticar los argumentos venideros.<\/li><li>Describir tendencias en el contenido de la comunicaci\u00f3n.<\/li><\/ul>\t\t\t\t\t<\/div>\n\t\t\t\t\t\t<\/div>\n\t\t\t\t<\/div>\n\t\t\t\t\t\t<\/div>\n\t\t\t\t\t<\/div>\n\t\t<\/div>\n\t\t\t\t\t\t\t\t<\/div>\n\t\t\t\t\t<\/div>\n\t\t<\/section>\n\t\t\t\t\t\t<\/div>\n\t\t\t\t\t<\/div>\n\t\t<\/div>\n\t\t\t\t\t\t\t\t<\/div>\n\t\t\t\t\t<\/div>\n\t\t<\/section>\n\t\t\t\t\t\t\t\t\t<\/div>\n\t\t\t<\/div>\n\t\t\t\t\t<\/div>\n\t\t","protected":false},"excerpt":{"rendered":"<p>Entender la &#8220;l\u00f3gica de pensamiento&#8221; del actor politico. Ubicar su &#8220;l\u00ednea de asociaci\u00f3n de ideas&#8221;.<\/p>\n","protected":false},"author":1,"featured_media":570,"comment_status":"open","ping_status":"open","sticky":false,"template":"elementor_header_footer","format":"standard","meta":[],"categories":[20],"tags":[],"yoast_head":"<!-- This site is optimized with the Yoast SEO plugin v19.8 - https:\/\/yoast.com\/wordpress\/plugins\/seo\/ -->\n<title>An\u00e1lisis de Secuencias Discursivas - An\u00e1lisis del Discurso<\/title>\n<meta name=\"robots\" content=\"index, follow, max-snippet:-1, max-image-preview:large, max-video-preview:-1\" \/>\n<link rel=\"canonical\" href=\"https:\/\/estudiosdeldiscurso.com\/?p=379\" \/>\n<meta property=\"og:locale\" content=\"es_MX\" \/>\n<meta property=\"og:type\" content=\"article\" \/>\n<meta property=\"og:title\" content=\"An\u00e1lisis de Secuencias Discursivas - An\u00e1lisis del Discurso\" \/>\n<meta property=\"og:description\" content=\"Entender la &quot;l\u00f3gica de pensamiento&quot; del actor politico. Ubicar su &quot;l\u00ednea de asociaci\u00f3n de ideas&quot;.\" \/>\n<meta property=\"og:url\" content=\"https:\/\/estudiosdeldiscurso.com\/?p=379\" \/>\n<meta property=\"og:site_name\" content=\"An\u00e1lisis del Discurso\" \/>\n<meta property=\"article:published_time\" content=\"2020-07-09T16:46:25+00:00\" \/>\n<meta property=\"article:modified_time\" content=\"2022-11-19T03:29:13+00:00\" \/>\n<meta property=\"og:image\" content=\"https:\/\/estudiosdeldiscurso.com\/wp-content\/uploads\/2020\/07\/marine.jpg\" \/>\n\t<meta property=\"og:image:width\" content=\"2390\" \/>\n\t<meta property=\"og:image:height\" content=\"2367\" \/>\n\t<meta property=\"og:image:type\" content=\"image\/jpeg\" \/>\n<meta name=\"author\" content=\"admin\" \/>\n<meta name=\"twitter:card\" content=\"summary_large_image\" \/>\n<meta name=\"twitter:label1\" content=\"Escrito por\" \/>\n\t<meta name=\"twitter:data1\" content=\"admin\" \/>\n\t<meta name=\"twitter:label2\" content=\"Tiempo de lectura\" \/>\n\t<meta name=\"twitter:data2\" content=\"1 minuto\" \/>\n<script type=\"application\/ld+json\" class=\"yoast-schema-graph\">{\"@context\":\"https:\/\/schema.org\",\"@graph\":[{\"@type\":\"WebPage\",\"@id\":\"https:\/\/estudiosdeldiscurso.com\/?p=379\",\"url\":\"https:\/\/estudiosdeldiscurso.com\/?p=379\",\"name\":\"An\u00e1lisis de Secuencias Discursivas - An\u00e1lisis del Discurso\",\"isPartOf\":{\"@id\":\"https:\/\/estudiosdeldiscurso.com\/#website\"},\"datePublished\":\"2020-07-09T16:46:25+00:00\",\"dateModified\":\"2022-11-19T03:29:13+00:00\",\"author\":{\"@id\":\"https:\/\/estudiosdeldiscurso.com\/#\/schema\/person\/24d950e9c3453f91dc92d00e9694334a\"},\"breadcrumb\":{\"@id\":\"https:\/\/estudiosdeldiscurso.com\/?p=379#breadcrumb\"},\"inLanguage\":\"es-MX\",\"potentialAction\":[{\"@type\":\"ReadAction\",\"target\":[\"https:\/\/estudiosdeldiscurso.com\/?p=379\"]}]},{\"@type\":\"BreadcrumbList\",\"@id\":\"https:\/\/estudiosdeldiscurso.com\/?p=379#breadcrumb\",\"itemListElement\":[{\"@type\":\"ListItem\",\"position\":1,\"name\":\"Inicio\",\"item\":\"https:\/\/estudiosdeldiscurso.com\/\"},{\"@type\":\"ListItem\",\"position\":2,\"name\":\"An\u00e1lisis de Secuencias Discursivas\"}]},{\"@type\":\"WebSite\",\"@id\":\"https:\/\/estudiosdeldiscurso.com\/#website\",\"url\":\"https:\/\/estudiosdeldiscurso.com\/\",\"name\":\"An\u00e1lisis del Discurso\",\"description\":\"Servicio Profesional de An\u00e1lisis del Discurso\",\"potentialAction\":[{\"@type\":\"SearchAction\",\"target\":{\"@type\":\"EntryPoint\",\"urlTemplate\":\"https:\/\/estudiosdeldiscurso.com\/?s={search_term_string}\"},\"query-input\":\"required name=search_term_string\"}],\"inLanguage\":\"es-MX\"},{\"@type\":\"Person\",\"@id\":\"https:\/\/estudiosdeldiscurso.com\/#\/schema\/person\/24d950e9c3453f91dc92d00e9694334a\",\"name\":\"admin\",\"image\":{\"@type\":\"ImageObject\",\"inLanguage\":\"es-MX\",\"@id\":\"https:\/\/estudiosdeldiscurso.com\/#\/schema\/person\/image\/\",\"url\":\"https:\/\/secure.gravatar.com\/avatar\/470cb497f62825541c8f9b0e28827bb4?s=96&d=mm&r=g\",\"contentUrl\":\"https:\/\/secure.gravatar.com\/avatar\/470cb497f62825541c8f9b0e28827bb4?s=96&d=mm&r=g\",\"caption\":\"admin\"},\"sameAs\":[\"https:\/\/estudiosdeldiscurso.com\"],\"url\":\"https:\/\/estudiosdeldiscurso.com\/?author=1\"}]}<\/script>\n<!-- \/ Yoast SEO plugin. -->","yoast_head_json":{"title":"An\u00e1lisis de Secuencias Discursivas - An\u00e1lisis del Discurso","robots":{"index":"index","follow":"follow","max-snippet":"max-snippet:-1","max-image-preview":"max-image-preview:large","max-video-preview":"max-video-preview:-1"},"canonical":"https:\/\/estudiosdeldiscurso.com\/?p=379","og_locale":"es_MX","og_type":"article","og_title":"An\u00e1lisis de Secuencias Discursivas - An\u00e1lisis del Discurso","og_description":"Entender la \"l\u00f3gica de pensamiento\" del actor politico. Ubicar su \"l\u00ednea de asociaci\u00f3n de ideas\".","og_url":"https:\/\/estudiosdeldiscurso.com\/?p=379","og_site_name":"An\u00e1lisis del Discurso","article_published_time":"2020-07-09T16:46:25+00:00","article_modified_time":"2022-11-19T03:29:13+00:00","og_image":[{"width":2390,"height":2367,"url":"https:\/\/estudiosdeldiscurso.com\/wp-content\/uploads\/2020\/07\/marine.jpg","type":"image\/jpeg"}],"author":"admin","twitter_card":"summary_large_image","twitter_misc":{"Escrito por":"admin","Tiempo de lectura":"1 minuto"},"schema":{"@context":"https:\/\/schema.org","@graph":[{"@type":"WebPage","@id":"https:\/\/estudiosdeldiscurso.com\/?p=379","url":"https:\/\/estudiosdeldiscurso.com\/?p=379","name":"An\u00e1lisis de Secuencias Discursivas - An\u00e1lisis del Discurso","isPartOf":{"@id":"https:\/\/estudiosdeldiscurso.com\/#website"},"datePublished":"2020-07-09T16:46:25+00:00","dateModified":"2022-11-19T03:29:13+00:00","author":{"@id":"https:\/\/estudiosdeldiscurso.com\/#\/schema\/person\/24d950e9c3453f91dc92d00e9694334a"},"breadcrumb":{"@id":"https:\/\/estudiosdeldiscurso.com\/?p=379#breadcrumb"},"inLanguage":"es-MX","potentialAction":[{"@type":"ReadAction","target":["https:\/\/estudiosdeldiscurso.com\/?p=379"]}]},{"@type":"BreadcrumbList","@id":"https:\/\/estudiosdeldiscurso.com\/?p=379#breadcrumb","itemListElement":[{"@type":"ListItem","position":1,"name":"Inicio","item":"https:\/\/estudiosdeldiscurso.com\/"},{"@type":"ListItem","position":2,"name":"An\u00e1lisis de Secuencias Discursivas"}]},{"@type":"WebSite","@id":"https:\/\/estudiosdeldiscurso.com\/#website","url":"https:\/\/estudiosdeldiscurso.com\/","name":"An\u00e1lisis del Discurso","description":"Servicio Profesional de An\u00e1lisis del Discurso","potentialAction":[{"@type":"SearchAction","target":{"@type":"EntryPoint","urlTemplate":"https:\/\/estudiosdeldiscurso.com\/?s={search_term_string}"},"query-input":"required name=search_term_string"}],"inLanguage":"es-MX"},{"@type":"Person","@id":"https:\/\/estudiosdeldiscurso.com\/#\/schema\/person\/24d950e9c3453f91dc92d00e9694334a","name":"admin","image":{"@type":"ImageObject","inLanguage":"es-MX","@id":"https:\/\/estudiosdeldiscurso.com\/#\/schema\/person\/image\/","url":"https:\/\/secure.gravatar.com\/avatar\/470cb497f62825541c8f9b0e28827bb4?s=96&d=mm&r=g","contentUrl":"https:\/\/secure.gravatar.com\/avatar\/470cb497f62825541c8f9b0e28827bb4?s=96&d=mm&r=g","caption":"admin"},"sameAs":["https:\/\/estudiosdeldiscurso.com"],"url":"https:\/\/estudiosdeldiscurso.com\/?author=1"}]}},"_links":{"self":[{"href":"https:\/\/estudiosdeldiscurso.com\/index.php?rest_route=\/wp\/v2\/posts\/379"}],"collection":[{"href":"https:\/\/estudiosdeldiscurso.com\/index.php?rest_route=\/wp\/v2\/posts"}],"about":[{"href":"https:\/\/estudiosdeldiscurso.com\/index.php?rest_route=\/wp\/v2\/types\/post"}],"author":[{"embeddable":true,"href":"https:\/\/estudiosdeldiscurso.com\/index.php?rest_route=\/wp\/v2\/users\/1"}],"replies":[{"embeddable":true,"href":"https:\/\/estudiosdeldiscurso.com\/index.php?rest_route=%2Fwp%2Fv2%2Fcomments&post=379"}],"version-history":[{"count":7,"href":"https:\/\/estudiosdeldiscurso.com\/index.php?rest_route=\/wp\/v2\/posts\/379\/revisions"}],"predecessor-version":[{"id":602,"href":"https:\/\/estudiosdeldiscurso.com\/index.php?rest_route=\/wp\/v2\/posts\/379\/revisions\/602"}],"wp:featuredmedia":[{"embeddable":true,"href":"https:\/\/estudiosdeldiscurso.com\/index.php?rest_route=\/wp\/v2\/media\/570"}],"wp:attachment":[{"href":"https:\/\/estudiosdeldiscurso.com\/index.php?rest_route=%2Fwp%2Fv2%2Fmedia&parent=379"}],"wp:term":[{"taxonomy":"category","embeddable":true,"href":"https:\/\/estudiosdeldiscurso.com\/index.php?rest_route=%2Fwp%2Fv2%2Fcategories&post=379"},{"taxonomy":"post_tag","embeddable":true,"href":"https:\/\/estudiosdeldiscurso.com\/index.php?rest_route=%2Fwp%2Fv2%2Ftags&post=379"}],"curies":[{"name":"wp","href":"https:\/\/api.w.org\/{rel}","templated":true}]}}